{"id":1431,"date":"2016-06-28T18:38:35","date_gmt":"2016-06-28T21:38:35","guid":{"rendered":"http:\/\/penapreta.com.br\/?p=1431"},"modified":"2016-07-19T15:01:22","modified_gmt":"2016-07-19T18:01:22","slug":"venha-participar-conosco-do-nosso-arraia","status":"publish","type":"post","link":"https:\/\/penapreta.com.br\/?p=1431","title":{"rendered":"Venha participar conosco do nosso Arrai\u00e1, com Bingo e Brincadeiras&#8230;"},"content":{"rendered":"<p><a href=\"http:\/\/penapreta.com.br\/wp-content\/uploads\/2016\/06\/arrai\u00e1.jpg\" rel=\"attachment wp-att-1453\"><img loading=\"lazy\" decoding=\"async\" class=\"alignleft size-medium wp-image-1453\" src=\"http:\/\/penapreta.com.br\/wp-content\/uploads\/2016\/06\/arrai\u00e1-225x300.jpg\" alt=\"arrai\u00e1\" width=\"225\" height=\"300\" srcset=\"https:\/\/penapreta.com.br\/wp-content\/uploads\/2016\/06\/arrai\u00e1-225x300.jpg 225w, https:\/\/penapreta.com.br\/wp-content\/uploads\/2016\/06\/arrai\u00e1.jpg 720w\" sizes=\"auto, (max-width: 225px) 100vw, 225px\" \/><\/a><\/p>\n<p>Com o empenho dos m\u00e9diuns e amigos, nosso projeto &#8220;M\u00e3os Unidas&#8221; arrecadou em torno de meia tonelada de alimentos no &#8220;Arrai\u00e1 do Est\u00e2ncia alto da Serra&#8221; em 16 de julho de 2016. Esses alimentos foram distribu\u00eddos entre os ind\u00edgenas que participaram do evento, Guaranis da aldeia Teko\u00e1 Pya\u00fa e tamb\u00e9m destinados \u00e0 &#8220;Casa de Assis&#8221;. Nossa parte de alimentos ficar\u00e1 reservada para as cestas b\u00e1sicas entregues mensalmente em nossa casa.<\/p>\n<p>Nossos agradecimentos vai para \u00a0todos que colaboraram para que o evento fosse um sucesso e principalmente para a fam\u00edlia &#8220;Est\u00e2ncia Alto da Serra&#8221;. Gratid\u00e3o eterna!<\/p>\n<h3><\/h3>\n","protected":false},"excerpt":{"rendered":"<p>Com o empenho dos m\u00e9diuns e amigos, nosso projeto &#8220;M\u00e3os Unidas&#8221; arrecadou em torno de meia tonelada de alimentos no &#8220;Arrai\u00e1 do Est\u00e2ncia alto da Serra&#8221; em 16 de julho de 2016. Esses alimentos foram distribu\u00eddos entre os ind\u00edgenas que participaram do evento, Guaranis da aldeia Teko\u00e1 Pya\u00fa e tamb\u00e9m destinados \u00e0 &#8220;Casa de Assis&#8221;.<\/p>\n","protected":false},"author":1,"featured_media":0,"comment_status":"closed","ping_status":"open","sticky":false,"template":"","format":"standard","meta":{"jetpack_post_was_ever_published":false,"_jetpack_newsletter_access":"","_jetpack_dont_email_post_to_subs":false,"_jetpack_newsletter_tier_id":0,"_jetpack_memberships_contains_paywalled_content":false,"_jetpack_memberships_contains_paid_content":false,"footnotes":"","jetpack_publicize_message":"","jetpack_publicize_feature_enabled":true,"jetpack_social_post_already_shared":true,"jetpack_social_options":{"image_generator_settings":{"template":"highway","default_image_id":0,"font":"","enabled":false},"version":2}},"categories":[12],"tags":[],"class_list":["post-1431","post","type-post","status-publish","format-standard","hentry","category-acoes-sociais"],"jetpack_publicize_connections":[],"jetpack_featured_media_url":"","jetpack_sharing_enabled":true,"jetpack_shortlink":"https:\/\/wp.me\/p7k0kC-n5","_links":{"self":[{"href":"https:\/\/penapreta.com.br\/index.php?rest_route=\/wp\/v2\/posts\/1431","targetHints":{"allow":["GET"]}}],"collection":[{"href":"https:\/\/penapreta.com.br\/index.php?rest_route=\/wp\/v2\/posts"}],"about":[{"href":"https:\/\/penapreta.com.br\/index.php?rest_route=\/wp\/v2\/types\/post"}],"author":[{"embeddable":true,"href":"https:\/\/penapreta.com.br\/index.php?rest_route=\/wp\/v2\/users\/1"}],"replies":[{"embeddable":true,"href":"https:\/\/penapreta.com.br\/index.php?rest_route=%2Fwp%2Fv2%2Fcomments&post=1431"}],"version-history":[{"count":10,"href":"https:\/\/penapreta.com.br\/index.php?rest_route=\/wp\/v2\/posts\/1431\/revisions"}],"predecessor-version":[{"id":1454,"href":"https:\/\/penapreta.com.br\/index.php?rest_route=\/wp\/v2\/posts\/1431\/revisions\/1454"}],"wp:attachment":[{"href":"https:\/\/penapreta.com.br\/index.php?rest_route=%2Fwp%2Fv2%2Fmedia&parent=1431"}],"wp:term":[{"taxonomy":"category","embeddable":true,"href":"https:\/\/penapreta.com.br\/index.php?rest_route=%2Fwp%2Fv2%2Fcategories&post=1431"},{"taxonomy":"post_tag","embeddable":true,"href":"https:\/\/penapreta.com.br\/index.php?rest_route=%2Fwp%2Fv2%2Ftags&post=1431"}],"curies":[{"name":"wp","href":"https:\/\/api.w.org\/{rel}","templated":true}]}}